{"id":700,"date":"2023-11-27T15:58:53","date_gmt":"2023-11-27T14:58:53","guid":{"rendered":"https:\/\/www.pad-mainz.de\/?p=700"},"modified":"2023-11-27T15:58:53","modified_gmt":"2023-11-27T14:58:53","slug":"am-14-12-schauen-schmittschulz-zurueck","status":"publish","type":"post","link":"https:\/\/pad-mainz.de\/en\/am-14-12-schauen-schmittschulz-zurueck\/","title":{"rendered":"Am 14.12. schauen Schmitt&#038;Schulz zur\u00fcck!"},"content":{"rendered":"<p>Am 14.12. von 18 bis 19 Uhr sind Schmitt&amp;Schulz Teil des \u00f6ffentlichen Adventskalenders der besonderen Art: dem Walpodencekalender 2023 \u2013 veranstaltet von dem Mainzer Kunstverein Walpodenstra\u00dfe 21 e.V.<\/p>\n<p>Von der Neubrunnenstra\u00dfe aus k\u00f6nnen die Zuschauer:innen bei einem Gl\u00fchwein die beiden Performer bei ihrer Performanceimprovisation im Schaufenster beobachten und beim Reinschauen mit den K\u00fcnstler:innen zur\u00fcckschauen: auf das Jahr, das Leben und den ganzen anderen Rest.<\/p>\n<p>Weitere Programmpunkte des Walpodencekalenders 2023 vom 2.12. bis 23.12 <a href=\"http:\/\/walpodenakademie.de\">here<\/a>.<\/p>","protected":false},"excerpt":{"rendered":"<p>Am 14.12. von 18 bis 19 Uhr sind Schmitt&amp;Schulz Teil [&hellip;]<\/p>\n","protected":false},"author":1,"featured_media":701,"comment_status":"open","ping_status":"open","sticky":false,"template":"","format":"standard","meta":{"_bbp_topic_count":0,"_bbp_reply_count":0,"_bbp_total_topic_count":0,"_bbp_total_reply_count":0,"_bbp_voice_count":0,"_bbp_anonymous_reply_count":0,"_bbp_topic_count_hidden":0,"_bbp_reply_count_hidden":0,"_bbp_forum_subforum_count":0,"_monsterinsights_skip_tracking":false,"_monsterinsights_sitenote_active":false,"_monsterinsights_sitenote_note":"","_monsterinsights_sitenote_category":0,"footnotes":""},"categories":[40,33],"tags":[68,57,67],"class_list":["post-700","post","type-post","status-publish","format-standard","has-post-thumbnail","hentry","category-aktuelles","category-performance","tag-rueckblick","tag-schmittschulz","tag-walpodenakademie"],"_links":{"self":[{"href":"https:\/\/pad-mainz.de\/en\/wp-json\/wp\/v2\/posts\/700","targetHints":{"allow":["GET"]}}],"collection":[{"href":"https:\/\/pad-mainz.de\/en\/wp-json\/wp\/v2\/posts"}],"about":[{"href":"https:\/\/pad-mainz.de\/en\/wp-json\/wp\/v2\/types\/post"}],"author":[{"embeddable":true,"href":"https:\/\/pad-mainz.de\/en\/wp-json\/wp\/v2\/users\/1"}],"replies":[{"embeddable":true,"href":"https:\/\/pad-mainz.de\/en\/wp-json\/wp\/v2\/comments?post=700"}],"version-history":[{"count":1,"href":"https:\/\/pad-mainz.de\/en\/wp-json\/wp\/v2\/posts\/700\/revisions"}],"predecessor-version":[{"id":702,"href":"https:\/\/pad-mainz.de\/en\/wp-json\/wp\/v2\/posts\/700\/revisions\/702"}],"wp:featuredmedia":[{"embeddable":true,"href":"https:\/\/pad-mainz.de\/en\/wp-json\/wp\/v2\/media\/701"}],"wp:attachment":[{"href":"https:\/\/pad-mainz.de\/en\/wp-json\/wp\/v2\/media?parent=700"}],"wp:term":[{"taxonomy":"category","embeddable":true,"href":"https:\/\/pad-mainz.de\/en\/wp-json\/wp\/v2\/categories?post=700"},{"taxonomy":"post_tag","embeddable":true,"href":"https:\/\/pad-mainz.de\/en\/wp-json\/wp\/v2\/tags?post=700"}],"curies":[{"name":"wp","href":"https:\/\/api.w.org\/{rel}","templated":true}]}}