{"id":643,"global_id":"pad-mainz.de\/en?id=643","global_id_lineage":["pad-mainz.de\/en?id=643"],"author":"1","status":"publish","date":"2023-03-23 15:06:19","date_utc":"2023-03-23 14:06:19","modified":"2023-03-23 15:06:19","modified_utc":"2023-03-23 14:06:19","url":"https:\/\/pad-mainz.de\/en\/event\/um-kopf-und-kragen-die-talk-performance-von-schmittschulz\/","rest_url":"https:\/\/pad-mainz.de\/en\/wp-json\/tribe\/events\/v1\/events\/643","title":"Um Kopf und Kragen &#8211; die Talk-Performance von Schmitt&#038;Schulz","description":"<p>Normalerweise interviewen Schmitt&amp;Schulz interessante G\u00e4ste aus Kultur und Gesellschaft, doch dieses Mal laden sie sich gegenseitig in ihre Talkshow ein. Sie haben die brennendsten Fragen gesammelt, die endlich einmal gestellt und beantwortet werden m\u00fcssen und offenbaren dabei ihre pers\u00f6nlichen Werte und politischen Standpunkte. Aber Vorsicht! Wollen sie eine Frage nicht beantworten, m\u00fcssen sie stattdessen furchteinfl\u00f6\u00dfende Aufgaben erf\u00fcllen&#8230; Hinter den Kulissen zieht wie gewohnt Mo Walker, online aus Hamburg zugeschaltet, die F\u00e4den.<\/p>\n<p>Live Premiere am Samstag, den 15. April um 20 Uhr in der Bar Jeder Sicht und online auf dem youtube Kanal von <a href=\"https:\/\/www.youtube.com\/@schmittundschulz\">Schmitt&amp;Schulz<\/a><\/p>","excerpt":"","slug":"um-kopf-und-kragen-die-talk-performance-von-schmittschulz","image":{"url":"https:\/\/pad-mainz.de\/wp-content\/uploads\/2023\/03\/KopfKragen_leucht_2.png","id":644,"extension":"png","width":1920,"height":801,"filesize":1748308,"sizes":{"medium":{"width":300,"height":125,"mime-type":"image\/png","filesize":69782,"url":"https:\/\/pad-mainz.de\/wp-content\/uploads\/2023\/03\/KopfKragen_leucht_2-300x125.png"},"large":{"width":1024,"height":427,"mime-type":"image\/png","filesize":545215,"url":"https:\/\/pad-mainz.de\/wp-content\/uploads\/2023\/03\/KopfKragen_leucht_2-1024x427.png"},"thumbnail":{"width":150,"height":150,"mime-type":"image\/png","filesize":41141,"url":"https:\/\/pad-mainz.de\/wp-content\/uploads\/2023\/03\/KopfKragen_leucht_2-150x150.png"},"medium_large":{"width":768,"height":320,"mime-type":"image\/png","filesize":342959,"url":"https:\/\/pad-mainz.de\/wp-content\/uploads\/2023\/03\/KopfKragen_leucht_2-768x320.png"},"1536x1536":{"width":1536,"height":641,"mime-type":"image\/png","filesize":1023066,"url":"https:\/\/pad-mainz.de\/wp-content\/uploads\/2023\/03\/KopfKragen_leucht_2-1536x641.png"},"trp-custom-language-flag":{"width":18,"height":8,"mime-type":"image\/png","filesize":661,"url":"https:\/\/pad-mainz.de\/wp-content\/uploads\/2023\/03\/KopfKragen_leucht_2-18x8.png"},"blog-large":{"width":669,"height":272,"mime-type":"image\/png","filesize":269269,"url":"https:\/\/pad-mainz.de\/wp-content\/uploads\/2023\/03\/KopfKragen_leucht_2-669x272.png"},"blog-medium":{"width":320,"height":202,"mime-type":"image\/png","filesize":114665,"url":"https:\/\/pad-mainz.de\/wp-content\/uploads\/2023\/03\/KopfKragen_leucht_2-320x202.png"},"recent-posts":{"width":700,"height":441,"mime-type":"image\/png","filesize":419405,"url":"https:\/\/pad-mainz.de\/wp-content\/uploads\/2023\/03\/KopfKragen_leucht_2-700x441.png"},"recent-works-thumbnail":{"width":66,"height":66,"mime-type":"image\/png","filesize":9852,"url":"https:\/\/pad-mainz.de\/wp-content\/uploads\/2023\/03\/KopfKragen_leucht_2-66x66.png"},"fusion-200":{"width":200,"height":83,"mime-type":"image\/png","filesize":33772,"url":"https:\/\/pad-mainz.de\/wp-content\/uploads\/2023\/03\/KopfKragen_leucht_2-200x83.png"},"fusion-400":{"width":400,"height":167,"mime-type":"image\/png","filesize":115175,"url":"https:\/\/pad-mainz.de\/wp-content\/uploads\/2023\/03\/KopfKragen_leucht_2-400x167.png"},"fusion-600":{"width":600,"height":250,"mime-type":"image\/png","filesize":228471,"url":"https:\/\/pad-mainz.de\/wp-content\/uploads\/2023\/03\/KopfKragen_leucht_2-600x250.png"},"fusion-800":{"width":800,"height":334,"mime-type":"image\/png","filesize":367103,"url":"https:\/\/pad-mainz.de\/wp-content\/uploads\/2023\/03\/KopfKragen_leucht_2-800x334.png"},"fusion-1200":{"width":1200,"height":501,"mime-type":"image\/png","filesize":700821,"url":"https:\/\/pad-mainz.de\/wp-content\/uploads\/2023\/03\/KopfKragen_leucht_2-1200x501.png"},"portfolio-full":{"width":940,"height":400,"mime-type":"image\/png","filesize":485689,"url":"https:\/\/pad-mainz.de\/wp-content\/uploads\/2023\/03\/KopfKragen_leucht_2-940x400.png"},"portfolio-one":{"width":540,"height":272,"mime-type":"image\/png","filesize":228116,"url":"https:\/\/pad-mainz.de\/wp-content\/uploads\/2023\/03\/KopfKragen_leucht_2-540x272.png"},"portfolio-two":{"width":460,"height":295,"mime-type":"image\/png","filesize":213026,"url":"https:\/\/pad-mainz.de\/wp-content\/uploads\/2023\/03\/KopfKragen_leucht_2-460x295.png"},"portfolio-three":{"width":300,"height":214,"mime-type":"image\/png","filesize":111255,"url":"https:\/\/pad-mainz.de\/wp-content\/uploads\/2023\/03\/KopfKragen_leucht_2-300x214.png"},"portfolio-five":{"width":177,"height":142,"mime-type":"image\/png","filesize":48470,"url":"https:\/\/pad-mainz.de\/wp-content\/uploads\/2023\/03\/KopfKragen_leucht_2-177x142.png"}}},"all_day":false,"start_date":"2023-04-15 20:00:00","start_date_details":{"year":"2023","month":"04","day":"15","hour":"20","minutes":"00","seconds":"00"},"end_date":"2023-04-15 21:30:00","end_date_details":{"year":"2023","month":"04","day":"15","hour":"21","minutes":"30","seconds":"00"},"utc_start_date":"2023-04-15 18:00:00","utc_start_date_details":{"year":"2023","month":"04","day":"15","hour":"18","minutes":"00","seconds":"00"},"utc_end_date":"2023-04-15 19:30:00","utc_end_date_details":{"year":"2023","month":"04","day":"15","hour":"19","minutes":"30","seconds":"00"},"timezone":"Europe\/Berlin","timezone_abbr":"CEST","cost":"","cost_details":{"currency_symbol":"","currency_code":"","currency_position":"prefix","values":[]},"website":"","show_map":true,"show_map_link":true,"hide_from_listings":false,"sticky":false,"featured":false,"categories":[{"name":"Live Stream","slug":"live-stream","term_group":0,"term_taxonomy_id":53,"taxonomy":"tribe_events_cat","description":"","parent":0,"count":5,"filter":"raw","id":53,"urls":{"self":"https:\/\/pad-mainz.de\/en\/wp-json\/tribe\/events\/v1\/categories\/53","collection":"https:\/\/pad-mainz.de\/en\/wp-json\/tribe\/events\/v1\/categories"}},{"name":"Performance","slug":"performance","term_group":0,"term_taxonomy_id":54,"taxonomy":"tribe_events_cat","description":"","parent":0,"count":18,"filter":"raw","id":54,"urls":{"self":"https:\/\/pad-mainz.de\/en\/wp-json\/tribe\/events\/v1\/categories\/54","collection":"https:\/\/pad-mainz.de\/en\/wp-json\/tribe\/events\/v1\/categories"}}],"tags":[],"venue":{"id":639,"author":"1","status":"publish","date":"2023-03-03 12:44:40","date_utc":"2023-03-03 11:44:40","modified":"2023-03-03 12:44:40","modified_utc":"2023-03-03 11:44:40","url":"https:\/\/pad-mainz.de\/en\/venue\/bar-jeder-sicht\/","venue":"Bar Jeder Sicht","description":"<p>Die <strong>Bar jeder Sicht<\/strong> ist das Zentrum f\u00fcr Lesben, Schwule, Bisexuelle, Trans*, Intersexuelle und Queere in Mainz und Umgebung \u2013 Heteros und Heteras sind nat\u00fcrlich ebenfalls willkommen!<\/p>\n<p>Hinter dem Zentrum steht der F\u00f6rder- und Tr\u00e4gerverein <a href=\"https:\/\/barjedersicht.de\/unterstuetzung\/\"><em><strong>Sichtbar Mainz e.V.<\/strong><\/em><\/a><\/p>","slug":"bar-jeder-sicht","address":"Hintere Bleiche 29","city":"Mainz","country":"Deutschland","zip":"55116","phone":"06131 5540-165","website":"https:\/\/barjedersicht.de\/","json_ld":{"@type":"Place","name":"Bar Jeder Sicht","description":"&lt;p&gt;Die Bar jeder Sicht ist das Zentrum f\u00fcr Lesben, Schwule, [&hellip;]&lt;\/p&gt;\\n","url":"","address":{"@type":"PostalAddress","streetAddress":"Hintere Bleiche 29","addressLocality":"Mainz","postalCode":"55116","addressCountry":"Deutschland"},"telephone":"06131 5540-165","sameAs":"https:\/\/barjedersicht.de\/"},"show_map":true,"show_map_link":true,"global_id":"pad-mainz.de\/en?id=639","global_id_lineage":["pad-mainz.de\/en?id=639"]},"organizer":[{"id":504,"author":"1","status":"publish","date":"2022-11-14 11:10:06","date_utc":"2022-11-14 10:10:06","modified":"2023-03-03 12:41:49","modified_utc":"2023-03-03 11:41:49","url":"https:\/\/pad-mainz.de\/en\/organizer\/schmittschulz-v\/","organizer":"Schmitt&#038;Schulz","slug":"schmittschulz-v","json_ld":{"@type":"Person","name":"Schmitt&#038;Schulz","description":"","url":"","telephone":"","email":"","sameAs":""},"global_id":"pad-mainz.de\/en?id=504","global_id_lineage":["pad-mainz.de\/en?id=504"]},{"id":646,"author":"1","status":"publish","date":"2023-03-23 15:06:19","date_utc":"2023-03-23 14:06:19","modified":"2023-03-23 15:06:19","modified_utc":"2023-03-23 14:06:19","url":"https:\/\/pad-mainz.de\/en\/organizer\/bar-jeder-sicht\/","organizer":"Bar Jeder Sicht","slug":"bar-jeder-sicht","phone":"06131 5540165","website":"https:\/\/barjedersicht.de\/","json_ld":{"@type":"Person","name":"Bar Jeder Sicht","description":"","url":"https:\/\/barjedersicht.de\/","telephone":"06131 5540165","email":"","sameAs":"https:\/\/barjedersicht.de\/"},"global_id":"pad-mainz.de\/en?id=646","global_id_lineage":["pad-mainz.de\/en?id=646"]}],"custom_fields":[],"json_ld":{"@context":"http:\/\/schema.org","@type":"Event","name":"Um Kopf und Kragen &#8211; die Talk-Performance von Schmitt&#038;Schulz","description":"&lt;p&gt;Normalerweise interviewen Schmitt&amp;Schulz interessante G\u00e4ste aus Kultur und Gesellschaft, doch [&hellip;]&lt;\/p&gt;\\n","image":"https:\/\/pad-mainz.de\/wp-content\/uploads\/2023\/03\/KopfKragen_leucht_2.png","url":"https:\/\/pad-mainz.de\/en\/event\/um-kopf-und-kragen-die-talk-performance-von-schmittschulz\/","eventAttendanceMode":"https:\/\/schema.org\/OfflineEventAttendanceMode","eventStatus":"https:\/\/schema.org\/EventScheduled","startDate":"2023-04-15T20:00:00+02:00","endDate":"2023-04-15T21:30:00+02:00","location":{"@type":"Place","name":"Bar Jeder Sicht","description":"&lt;p&gt;Die Bar jeder Sicht ist das Zentrum f\u00fcr Lesben, Schwule, [&hellip;]&lt;\/p&gt;\\n","url":"","address":{"@type":"PostalAddress","streetAddress":"Hintere Bleiche 29","addressLocality":"Mainz","postalCode":"55116","addressCountry":"Deutschland"},"telephone":"06131 5540-165","sameAs":"https:\/\/barjedersicht.de\/"},"organizer":{"@type":"Person","name":"Schmitt&#038;Schulz","description":"","url":"","telephone":"","email":"","sameAs":""},"performer":"Organization"}}